{"id":443,"date":"2024-08-10T18:41:27","date_gmt":"2024-08-10T16:41:27","guid":{"rendered":"http:\/\/www.amis-derbous.net\/?p=443"},"modified":"2024-08-16T19:55:53","modified_gmt":"2024-08-16T17:55:53","slug":"2024-annee-olympique-dans-la-vallee-du-derbous","status":"publish","type":"post","link":"https:\/\/www.amis-derbous.net\/index.php\/2024\/08\/10\/2024-annee-olympique-dans-la-vallee-du-derbous\/","title":{"rendered":"2024, ann\u00e9e olympique dans la vall\u00e9e du Derbous"},"content":{"rendered":"\n<p><\/p>\n\n\n\n<p>Les ann\u00e9es se suivent et se ressemblent plus ou moins. Dans le vaste monde, les guerres se poursuivent, h\u00e9las, avec leurs funestes cons\u00e9quences, notamment en termes de victimes innocentes. Les jeux olympiques de Paris ont particuli\u00e8rement focalis\u00e9 l\u2019attention en juillet. Ils ont probablement occup\u00e9 les \u00e9crans de t\u00e9l\u00e9vision aussi dans la vall\u00e9e du Derbous.<\/p>\n\n\n\n<p>Qu\u2019y a-t-il eu de significatif dans la vall\u00e9e depuis l\u2019ann\u00e9e pass\u00e9e&nbsp;? Voici quelques grandes lignes qui n\u2019ont pour ambition que de faire le point sur un terroir rural de basse montagne tr\u00e8s enclav\u00e9 et tranquille, loin des grandes villes.<\/p>\n\n\n\n<p>Le pays a toujours \u00e9t\u00e9 un peu rebelle. Les gens n\u2019ont pas la langue dans leur poche et ont des convictions bien arr\u00eat\u00e9es. L\u2019ann\u00e9e a vu des campagnes \u00e9lectorales dont on ne peut pas dire qu\u2019elles ont \u00e9t\u00e9 marqu\u00e9es par la mod\u00e9ration. Deux circonscriptions de la Dr\u00f4me sont all\u00e9es au nouveau front populaire et deux au rassemblement national lors des l\u00e9gislatives.<\/p>\n\n\n\n<p>La nature n\u2019est \u00e9videmment pas indiff\u00e9rente aux orientations politiques du moment, mais elle change sur des temps longs, marqu\u00e9e et souvent meurtrie par des d\u00e9cisions humaines.<\/p>\n\n\n\n<p>Cette ann\u00e9e, la vall\u00e9e du Derbous a \u00e9t\u00e9 bien arros\u00e9e. Les niveaux d\u2019eau dans la rivi\u00e8re et dans les canaux d\u2019alimentation des moulins sont convenables en juillet, ce qui est d\u00fb \u00e0 la m\u00e9t\u00e9orologie et \u00e0 des d\u00e9cisions raisonnables de gestion de la ressource en eau.<\/p>\n\n\n<div class=\"wp-block-image\">\n<figure class=\"aligncenter size-large is-resized\"><img loading=\"lazy\" decoding=\"async\" width=\"576\" height=\"1024\" src=\"http:\/\/www.amis-derbous.net\/wp-content\/uploads\/2024\/08\/derbous-20240214_152330-576x1024.jpg\" alt=\"\" class=\"wp-image-444\" style=\"width:367px;height:auto\" srcset=\"https:\/\/www.amis-derbous.net\/wp-content\/uploads\/2024\/08\/derbous-20240214_152330-576x1024.jpg 576w, https:\/\/www.amis-derbous.net\/wp-content\/uploads\/2024\/08\/derbous-20240214_152330-169x300.jpg 169w, https:\/\/www.amis-derbous.net\/wp-content\/uploads\/2024\/08\/derbous-20240214_152330-768x1365.jpg 768w, https:\/\/www.amis-derbous.net\/wp-content\/uploads\/2024\/08\/derbous-20240214_152330-864x1536.jpg 864w, https:\/\/www.amis-derbous.net\/wp-content\/uploads\/2024\/08\/derbous-20240214_152330-1152x2048.jpg 1152w, https:\/\/www.amis-derbous.net\/wp-content\/uploads\/2024\/08\/derbous-20240214_152330-scaled.jpg 1440w\" sizes=\"(max-width: 576px) 100vw, 576px\" \/><\/figure><\/div>\n\n\n<blockquote class=\"wp-block-quote is-layout-flow wp-block-quote-is-layout-flow\">\n<p><\/p>\n<\/blockquote>\n\n\n\n<p>Mais il y a eu quelques changements&nbsp;: les orages, ph\u00e9nom\u00e8nes fr\u00e9quents mais particuli\u00e8rement marqu\u00e9s ce printemps, ont emport\u00e9 les barrages \u00e9difi\u00e9s par les castors, qui ont d\u00e9m\u00e9nag\u00e9, allant sans doute s\u2019\u00e9tablir en aval.<\/p>\n\n\n\n<p>Autour des maisons on voit occasionnellement des chevreuils, des biches, des hardes de sangliers. Et les loups sont toujours l\u00e0, on en a rep\u00e9r\u00e9 une meute dans la montagne, il y a eu des animaux d\u00e9vor\u00e9s tout pr\u00e8s des maisons.<\/p>\n\n\n\n<p>En \u00e9t\u00e9, les touristes sont revenus, comme chaque ann\u00e9e. Le covid aussi, mais beaucoup consid\u00e8rent que ce n\u2019est d\u00e9sormais plus qu\u2019une sorte de grippe. Pourtant, si la vaccination a pour effet principal de limiter la gravit\u00e9 des sympt\u00f4mes chez les personnes atteintes, ces derni\u00e8res peuvent malgr\u00e9 tout tomber malades et \u00eatre des porteuses redoutables pour d\u2019autres, qui ont des d\u00e9sordres du syst\u00e8me immunitaire. Le principe de pr\u00e9caution (si on peut dire) invite donc \u00e0 prot\u00e9ger les autres. Mais on ne voit qu\u2019exceptionnellement des gens avec des masques. Qu\u2019y faire&nbsp;?<\/p>\n\n\n\n<p>Dans la vall\u00e9e, l\u2019eau ne manque pour l\u2019instant pas, l\u2019agriculture est d\u00e9sormais regroup\u00e9e en grandes exploitations, la vie sauvage suit son cours. la vall\u00e9e reste apparemment calme, jusqu\u2019\u00e0 preuve du contraire.<\/p>\n","protected":false},"excerpt":{"rendered":"<p>Les ann\u00e9es se suivent et se ressemblent plus ou moins. Dans le vaste monde, les guerres se poursuivent, h\u00e9las, avec leurs funestes cons\u00e9quences, notamment en termes de victimes innocentes. Les jeux olympiques de Paris ont particuli\u00e8rement focalis\u00e9 l\u2019attention en juillet. Ils ont probablement occup\u00e9 les \u00e9crans de t\u00e9l\u00e9vision aussi dans la vall\u00e9e du Derbous. Qu\u2019y &hellip; <a href=\"https:\/\/www.amis-derbous.net\/index.php\/2024\/08\/10\/2024-annee-olympique-dans-la-vallee-du-derbous\/\" class=\"more-link\">Continuer la lecture de <span class=\"screen-reader-text\">2024, ann\u00e9e olympique dans la vall\u00e9e du Derbous<\/span>  <span class=\"meta-nav\">&rarr;<\/span><\/a><\/p>\n","protected":false},"author":1,"featured_media":448,"comment_status":"closed","ping_status":"closed","sticky":true,"template":"","format":"standard","meta":{"footnotes":""},"categories":[2,3],"tags":[],"class_list":["post-443","post","type-post","status-publish","format-standard","has-post-thumbnail","hentry","category-general","category-nouvelles"],"_links":{"self":[{"href":"https:\/\/www.amis-derbous.net\/index.php\/wp-json\/wp\/v2\/posts\/443"}],"collection":[{"href":"https:\/\/www.amis-derbous.net\/index.php\/wp-json\/wp\/v2\/posts"}],"about":[{"href":"https:\/\/www.amis-derbous.net\/index.php\/wp-json\/wp\/v2\/types\/post"}],"author":[{"embeddable":true,"href":"https:\/\/www.amis-derbous.net\/index.php\/wp-json\/wp\/v2\/users\/1"}],"replies":[{"embeddable":true,"href":"https:\/\/www.amis-derbous.net\/index.php\/wp-json\/wp\/v2\/comments?post=443"}],"version-history":[{"count":2,"href":"https:\/\/www.amis-derbous.net\/index.php\/wp-json\/wp\/v2\/posts\/443\/revisions"}],"predecessor-version":[{"id":447,"href":"https:\/\/www.amis-derbous.net\/index.php\/wp-json\/wp\/v2\/posts\/443\/revisions\/447"}],"wp:featuredmedia":[{"embeddable":true,"href":"https:\/\/www.amis-derbous.net\/index.php\/wp-json\/wp\/v2\/media\/448"}],"wp:attachment":[{"href":"https:\/\/www.amis-derbous.net\/index.php\/wp-json\/wp\/v2\/media?parent=443"}],"wp:term":[{"taxonomy":"category","embeddable":true,"href":"https:\/\/www.amis-derbous.net\/index.php\/wp-json\/wp\/v2\/categories?post=443"},{"taxonomy":"post_tag","embeddable":true,"href":"https:\/\/www.amis-derbous.net\/index.php\/wp-json\/wp\/v2\/tags?post=443"}],"curies":[{"name":"wp","href":"https:\/\/api.w.org\/{rel}","templated":true}]}}