{"id":429,"date":"2023-09-05T14:15:30","date_gmt":"2023-09-05T12:15:30","guid":{"rendered":"https:\/\/www.amis-derbous.net\/?p=429"},"modified":"2024-08-27T20:31:33","modified_gmt":"2024-08-27T18:31:33","slug":"une-nouvelle-annee-dans-la-vallee-du-derbous-2023","status":"publish","type":"post","link":"https:\/\/www.amis-derbous.net\/index.php\/2023\/09\/05\/une-nouvelle-annee-dans-la-vallee-du-derbous-2023\/","title":{"rendered":"Une nouvelle ann\u00e9e dans la vall\u00e9e du Derbous : 2023"},"content":{"rendered":"\n<div class=\"wp-block-image\"><figure class=\"aligncenter size-full is-resized\"><img loading=\"lazy\" decoding=\"async\" src=\"https:\/\/www.amis-derbous.net\/wp-content\/uploads\/2023\/09\/derbous2.jpg\" alt=\"\" class=\"wp-image-432\" width=\"302\" height=\"341\" srcset=\"https:\/\/www.amis-derbous.net\/wp-content\/uploads\/2023\/09\/derbous2.jpg 708w, https:\/\/www.amis-derbous.net\/wp-content\/uploads\/2023\/09\/derbous2-266x300.jpg 266w\" sizes=\"(max-width: 302px) 100vw, 302px\" \/><figcaption>Un canal d&rsquo;arriv\u00e9e plein d&rsquo;eau courante<\/figcaption><\/figure><\/div>\n\n\n\n<p><br>Ces derni\u00e8res ann\u00e9es ont \u00e9t\u00e9 riches en \u00e9v\u00e8nements pr\u00e9occupants comme la pand\u00e9mie de COVID (dont on semble enfin en passe de tourner la page), la guerre en Ukraine (dont on ne voit pas encore comment elle va durer et quelles seront ses r\u00e9percussions), des r\u00e9formes impos\u00e9es (telle la r\u00e9forme des retraites). Tout ceci sur fond d\u2019inqui\u00e9tude climatique cr\u00e9dible (r\u00e9chauffement, canicule\u2026).<\/p>\n\n\n\n<p>La vall\u00e9e du Derbous n\u2019est pas sur une autre plan\u00e8te. Elle est sujette aux m\u00eames probl\u00e8mes que les autres lieux. Mais elle est loin des centres de d\u00e9cision, a une population clairsem\u00e9e encore proche de la nature et les \u00e9chos du monde y parviennent un peu assourdis.<\/p>\n\n\n\n<p>Cette ann\u00e9e, le printemps a \u00e9t\u00e9 pluvieux et, contrairement \u00e0 ce qui se passe dans d\u2019autres r\u00e9gions, la nappe phr\u00e9atique semble bien se porter si on en juge par le d\u00e9bit de la rivi\u00e8re. Mais cette impression peut \u00eatre trompeuse, car le d\u00e9bit de cette rivi\u00e8re fluctue sans que les causes de modification de d\u00e9bit soient connues.<\/p>\n\n\n\n<p>Les d\u00e9cisions des humains ont des effets \u00e0 long terme. Un exemple local est celui des truites. Autrefois, il y en avait une relative abondance, d\u2019une esp\u00e8ce end\u00e9mique bien adapt\u00e9e au milieu, appel\u00e9e ici&nbsp;<em>fario<\/em>.<\/p>\n\n\n\n<p>Il y a quelques d\u00e9cennies, suite \u00e0 une baisse des prises, il a \u00e9t\u00e9 d\u00e9cid\u00e9 d\u2019introduire une esp\u00e8ce jusqu\u2019ici inconnue dans la vall\u00e9e&nbsp;: la truite arc-en-ciel, joli poisson vorace.<\/p>\n\n\n\n<p>Mais il a fallu admettre que, ces truites ne se reproduisant pas bien dans les conditions environnementales qui sont les n\u00f4tres, cette pratique \u00e9tait \u00e0 proscrire. Actuellement, il y a un d\u00e9ficit de truites dans le Derbous.<\/p>\n\n\n\n<p>Comment inverser la tendance&nbsp;? On peut esp\u00e9rer que, si la p\u00eache reste modeste, si l\u2019on n\u2019introduit plus de farios et si le nombre de pr\u00e9dateurs (h\u00e9rons\u2026) d\u00e9cro\u00eet (ce qui semble \u00eatre le cas), la faune se r\u00e9g\u00e9n\u00e8re. Il convient d\u2019\u00eatre optimistes et patients.<\/p>\n\n\n\n<p>Il serait en tout cas bon d\u2019en revenir, si c\u2019est encore possible, \u00e0 des situations de r\u00e9gulation locales traditionnelles. On sait, en particulier depuis les travaux de la laur\u00e9ate du prix Nobel d\u2019\u00e9conomie 2008 Elinor Ostrom (tout particuli\u00e8rement pour la gestion de l\u2019eau), qu\u2019elles sont plus efficaces que les solutions visant l\u2019optimisation \u00e0 court terme impos\u00e9es par des experts ne prenant pas toujours en compte l\u2019ensemble du syst\u00e8me.<\/p>\n\n\n\n<p>Il est vrai que ces solutions durables n\u00e9cessitent que fonctionnent des communaut\u00e9s collectivement int\u00e9ress\u00e9es \u00e0 la bonne gestion de la ressource et connaissant bien le milieu pour y avoir grandi et&nbsp;avoir&nbsp;recueilli l\u2019exp\u00e9rience et les savoir-faire de ceux qui les ont pr\u00e9c\u00e9d\u00e9es.<\/p>\n\n\n\n<p>Dans la vall\u00e9e du Derbous, comme ailleurs, la communaut\u00e9 paysanne qui autrefois prenait soin de l\u2019irrigation des cultures n\u2019existe presque plus. Certes, il y a encore des producteurs mais ils sont pour la plupart quasi industrialis\u00e9s, g\u00e9rant de grands domaines, les seuls \u00e9conomiquement viables d\u00e9sormais en suivant des m\u00e9thodes \u00ab&nbsp;rationnelles&nbsp;\u00bb pr\u00f4n\u00e9es notamment par les institutions europ\u00e9ennes.<\/p>\n\n\n\n<p>Il existe cependant des raisons d\u2019esp\u00e9rer&nbsp;: le bio a bonne presse, il constitue un march\u00e9 et il s\u00e9duit certains, d\u2019autant que la population, en particulier l\u2019\u00e9t\u00e9, est sensible \u00e0 cet argument. Une de ses dimensions est celle de la gestion raisonn\u00e9e de l\u2019eau.<\/p>\n\n\n\n<p>Il serait na\u00eff de penser que les tendances \u00e0 l\u2019\u0153uvre depuis des d\u00e9cennies vont s\u2019inverser brusquement. Mais il est souhaitable d\u2019esp\u00e9rer.<\/p>\n\n\n\n<h2 class=\"wp-block-heading\">R\u00e9f\u00e9rences<\/h2>\n\n\n\n<p>Ostrom, E., &amp; Basurto, X. (2013). Fa\u00e7onner des outils d\u2019analyse pour \u00e9tudier le changement institutionnel.&nbsp;<em>Revue de la r\u00e9gulation. Capitalisme, institutions, pouvoirs<\/em>,&nbsp;<em>14<\/em>.&nbsp;<a href=\"http:\/\/regulation.revues.org\/10437\">http:\/\/regulation.revues.org\/10437<\/a><\/p>\n","protected":false},"excerpt":{"rendered":"<p>Ces derni\u00e8res ann\u00e9es ont \u00e9t\u00e9 riches en \u00e9v\u00e8nements pr\u00e9occupants comme la pand\u00e9mie de COVID (dont on semble enfin en passe de tourner la page), la guerre en Ukraine (dont on ne voit pas encore comment elle va durer et quelles seront ses r\u00e9percussions), des r\u00e9formes impos\u00e9es (telle la r\u00e9forme des retraites). Tout ceci sur fond &hellip; <a href=\"https:\/\/www.amis-derbous.net\/index.php\/2023\/09\/05\/une-nouvelle-annee-dans-la-vallee-du-derbous-2023\/\" class=\"more-link\">Continuer la lecture de <span class=\"screen-reader-text\">Une nouvelle ann\u00e9e dans la vall\u00e9e du Derbous : 2023<\/span>  <span class=\"meta-nav\">&rarr;<\/span><\/a><\/p>\n","protected":false},"author":4,"featured_media":434,"comment_status":"closed","ping_status":"closed","sticky":false,"template":"","format":"standard","meta":{"footnotes":""},"categories":[17,3],"tags":[],"class_list":["post-429","post","type-post","status-publish","format-standard","has-post-thumbnail","hentry","category-faune","category-nouvelles"],"_links":{"self":[{"href":"https:\/\/www.amis-derbous.net\/index.php\/wp-json\/wp\/v2\/posts\/429"}],"collection":[{"href":"https:\/\/www.amis-derbous.net\/index.php\/wp-json\/wp\/v2\/posts"}],"about":[{"href":"https:\/\/www.amis-derbous.net\/index.php\/wp-json\/wp\/v2\/types\/post"}],"author":[{"embeddable":true,"href":"https:\/\/www.amis-derbous.net\/index.php\/wp-json\/wp\/v2\/users\/4"}],"replies":[{"embeddable":true,"href":"https:\/\/www.amis-derbous.net\/index.php\/wp-json\/wp\/v2\/comments?post=429"}],"version-history":[{"count":2,"href":"https:\/\/www.amis-derbous.net\/index.php\/wp-json\/wp\/v2\/posts\/429\/revisions"}],"predecessor-version":[{"id":433,"href":"https:\/\/www.amis-derbous.net\/index.php\/wp-json\/wp\/v2\/posts\/429\/revisions\/433"}],"wp:featuredmedia":[{"embeddable":true,"href":"https:\/\/www.amis-derbous.net\/index.php\/wp-json\/wp\/v2\/media\/434"}],"wp:attachment":[{"href":"https:\/\/www.amis-derbous.net\/index.php\/wp-json\/wp\/v2\/media?parent=429"}],"wp:term":[{"taxonomy":"category","embeddable":true,"href":"https:\/\/www.amis-derbous.net\/index.php\/wp-json\/wp\/v2\/categories?post=429"},{"taxonomy":"post_tag","embeddable":true,"href":"https:\/\/www.amis-derbous.net\/index.php\/wp-json\/wp\/v2\/tags?post=429"}],"curies":[{"name":"wp","href":"https:\/\/api.w.org\/{rel}","templated":true}]}}