{"id":408,"date":"2021-07-27T18:31:41","date_gmt":"2021-07-27T16:31:41","guid":{"rendered":"http:\/\/www.amis-derbous.net\/?p=408"},"modified":"2024-08-09T21:55:54","modified_gmt":"2024-08-09T19:55:54","slug":"pluie-et-beau-temps-dans-la-vallee-au-temps-du-covid","status":"publish","type":"post","link":"https:\/\/www.amis-derbous.net\/index.php\/2021\/07\/27\/pluie-et-beau-temps-dans-la-vallee-au-temps-du-covid\/","title":{"rendered":"Pluie et beau temps dans la vall\u00e9e au temps du COVID\u2026"},"content":{"rendered":"\n<p>L\u2019ann\u00e9e 2021 restera sans doute associ\u00e9e dans les m\u00e9moires, comme l\u2019ann\u00e9e pr\u00e9c\u00e9dente, aux vagues successives de la pand\u00e9mie de COVID 19, aux mesures sanitaires et restrictions de libert\u00e9 qui les ont accompagn\u00e9es (couvre-feu, interdiction de voyager au-del\u00e0 de 10km, port du masque\u2026), mais aussi d\u00e9veloppement rapide de vaccins fond\u00e9s sur de nouvelles techniques de g\u00e9nie g\u00e9n\u00e9tique et espoirs, malheureusement \u00e9ph\u00e9m\u00e8res, de sortie rapide de la crise. La situation, cependant, a \u00e9t\u00e9 assez diff\u00e9rente en ville et \u00e0 la campagne.<\/p>\n\n\n\n<p><br>Dans la vall\u00e9e du Derbous, lieu d\u2019habitat peu dense aux maisons int\u00e9gr\u00e9es dans la nature, le cours de la vie en 2021 a \u00e9t\u00e9 peu diff\u00e9rent de ce qu\u2019il est habituellement. Lors de leurs rencontres, par exemple au march\u00e9, les habitants ont parl\u00e9 du COVID mais aussi de la pluie et du beau temps\u2026<\/p>\n\n\n\n<p><br>L\u2019hiver a \u00e9t\u00e9 maussade, mais sans froid excessif. Il a beaucoup plu en f\u00e9vrier, le mois de mars a \u00e9t\u00e9 cl\u00e9ment, mais le gel est venu en avril, compromettant certaines r\u00e9coltes. Depuis, les temp\u00e9ratures habituelles sont revenues, la rivi\u00e8re a de l\u2019eau. Tout est vert.<\/p>\n\n\n\n<div class=\"wp-block-media-text alignwide is-stacked-on-mobile is-vertically-aligned-top\" style=\"grid-template-columns:41% auto\"><figure class=\"wp-block-media-text__media\"><img loading=\"lazy\" decoding=\"async\" width=\"300\" height=\"277\" src=\"http:\/\/www.amis-derbous.net\/wp-content\/uploads\/2021\/07\/castor-2-300x277.jpg\" alt=\"\" class=\"wp-image-414 size-full\" srcset=\"https:\/\/www.amis-derbous.net\/wp-content\/uploads\/2021\/07\/castor-2-300x277.jpg 300w, https:\/\/www.amis-derbous.net\/wp-content\/uploads\/2021\/07\/castor-2-768x708.jpg 768w, https:\/\/www.amis-derbous.net\/wp-content\/uploads\/2021\/07\/castor-2.jpg 800w\" sizes=\"(max-width: 300px) 100vw, 300px\" \/><\/figure><div class=\"wp-block-media-text__content\">\n<p>Des loups r\u00f4dent&nbsp;toujours, mais il n\u2019y a pas eu cette ann\u00e9e d\u2019attaque de troupeau. Les castors, insensibles aux occupations humaines, ont poursuivi leur \u0153uvre de constructeurs aux d\u00e9pens des habitants. <\/p>\n<\/div><\/div>\n\n\n\n<p>C\u00f4t\u00e9 humain, les choses suivent leur cours. Les touristes sont m\u00eame revenus, il y a toujours autant de gites ou chambres d\u2019h\u00f4tes. Ils sont parfois peu attentifs \u00e0 la vie rurale et \u00e0 l\u2019environnement, mais on ne peut trop leur en demander. La nature, de toutes les mani\u00e8res, continue \u00e0 \u00eatre relativement pr\u00e9serv\u00e9e. La circulation automobile est normale, toujours limit\u00e9e \u00e0 80&nbsp;km\/h.<br><\/p>\n\n\n\n<p>Un point d\u2019attention peut cependant \u00eatre relev\u00e9. Des menaces planent sur un des accomplissements humains les plus anciens et les plus utiles, qui a jou\u00e9 un r\u00f4le fondamental dans les soci\u00e9t\u00e9s humaines&nbsp;: la canalisation de l\u2019eau, que ce soit pour l\u2019irrigation des champs ou pour l\u2019alimentation des nombreux moulins.<br>\/<\/p>\n\n\n\n<div class=\"wp-block-image\"><figure class=\"aligncenter size-full\"><img loading=\"lazy\" decoding=\"async\" width=\"640\" height=\"521\" src=\"http:\/\/www.amis-derbous.net\/wp-content\/uploads\/2021\/07\/canal4.jpg\" alt=\"\" class=\"wp-image-419\" srcset=\"https:\/\/www.amis-derbous.net\/wp-content\/uploads\/2021\/07\/canal4.jpg 640w, https:\/\/www.amis-derbous.net\/wp-content\/uploads\/2021\/07\/canal4-300x244.jpg 300w\" sizes=\"(max-width: 640px) 100vw, 640px\" \/><figcaption>Modeste canal<\/figcaption><\/figure><\/div>\n\n\n\n<p>Outre les canaux qui faisaient tourner ces derniers , le pays est litt\u00e9ralement quadrill\u00e9 de canaux autrefois entretenus par les paysans qui, moyennant des redevances modiques, avaient des droits d\u2019irrigation par simple gravit\u00e9 faisant l\u2019objet d\u2019un consensus entre eux. Avec la conversion de propri\u00e9t\u00e9s agricoles en terrains \u00e0 b\u00e2tir et l\u2019apparition de pompes m\u00e9caniques, la situation a chang\u00e9.<br><\/p>\n\n\n\n<p>Les syst\u00e8mes traditionnels sont en d\u00e9sh\u00e9rence et l\u2019on se demande quelles en seront les cons\u00e9quences sur la r\u00e9gulation que peuvent exercer les humains sur leur environnement.<br><\/p>\n\n\n\n<p>Bref, la vall\u00e9e du Derbous, sans \u00eatre pr\u00e9serv\u00e9e des mal\u00e9dictions coutumi\u00e8res frappant le monde, continue une existence d\u00e9tendue quoique l\u00e9g\u00e8rement inqui\u00e8te relativement aux \u00e9volutions \u00e0 venir.<\/p>\n","protected":false},"excerpt":{"rendered":"<p>L\u2019ann\u00e9e 2021 restera sans doute associ\u00e9e dans les m\u00e9moires, comme l\u2019ann\u00e9e pr\u00e9c\u00e9dente, aux vagues successives de la pand\u00e9mie de COVID 19, aux mesures sanitaires et restrictions de libert\u00e9 qui les ont accompagn\u00e9es (couvre-feu, interdiction de voyager au-del\u00e0 de 10km, port du masque\u2026), mais aussi d\u00e9veloppement rapide de vaccins fond\u00e9s sur de nouvelles techniques de g\u00e9nie &hellip; <a href=\"https:\/\/www.amis-derbous.net\/index.php\/2021\/07\/27\/pluie-et-beau-temps-dans-la-vallee-au-temps-du-covid\/\" class=\"more-link\">Continuer la lecture de <span class=\"screen-reader-text\">Pluie et beau temps dans la vall\u00e9e au temps du COVID\u2026<\/span>  <span class=\"meta-nav\">&rarr;<\/span><\/a><\/p>\n","protected":false},"author":1,"featured_media":422,"comment_status":"closed","ping_status":"closed","sticky":false,"template":"","format":"standard","meta":{"footnotes":""},"categories":[10],"tags":[],"class_list":["post-408","post","type-post","status-publish","format-standard","has-post-thumbnail","hentry","category-ecologie"],"_links":{"self":[{"href":"https:\/\/www.amis-derbous.net\/index.php\/wp-json\/wp\/v2\/posts\/408"}],"collection":[{"href":"https:\/\/www.amis-derbous.net\/index.php\/wp-json\/wp\/v2\/posts"}],"about":[{"href":"https:\/\/www.amis-derbous.net\/index.php\/wp-json\/wp\/v2\/types\/post"}],"author":[{"embeddable":true,"href":"https:\/\/www.amis-derbous.net\/index.php\/wp-json\/wp\/v2\/users\/1"}],"replies":[{"embeddable":true,"href":"https:\/\/www.amis-derbous.net\/index.php\/wp-json\/wp\/v2\/comments?post=408"}],"version-history":[{"count":8,"href":"https:\/\/www.amis-derbous.net\/index.php\/wp-json\/wp\/v2\/posts\/408\/revisions"}],"predecessor-version":[{"id":427,"href":"https:\/\/www.amis-derbous.net\/index.php\/wp-json\/wp\/v2\/posts\/408\/revisions\/427"}],"wp:featuredmedia":[{"embeddable":true,"href":"https:\/\/www.amis-derbous.net\/index.php\/wp-json\/wp\/v2\/media\/422"}],"wp:attachment":[{"href":"https:\/\/www.amis-derbous.net\/index.php\/wp-json\/wp\/v2\/media?parent=408"}],"wp:term":[{"taxonomy":"category","embeddable":true,"href":"https:\/\/www.amis-derbous.net\/index.php\/wp-json\/wp\/v2\/categories?post=408"},{"taxonomy":"post_tag","embeddable":true,"href":"https:\/\/www.amis-derbous.net\/index.php\/wp-json\/wp\/v2\/tags?post=408"}],"curies":[{"name":"wp","href":"https:\/\/api.w.org\/{rel}","templated":true}]}}